{"id":475,"date":"2022-12-04T08:10:25","date_gmt":"2022-12-04T11:10:25","guid":{"rendered":"https:\/\/demo.blazethemes.com\/newsmatic-pro-six\/?p=475"},"modified":"2023-02-24T13:39:41","modified_gmt":"2023-02-24T16:39:41","slug":"jardim-prive","status":"publish","type":"post","link":"https:\/\/demae.go.gov.br\/noticias\/jardim-prive\/","title":{"rendered":"Jardim Priv\u00e9"},"content":{"rendered":"\n<p><span class=\"x193iq5w xeuugli x13faqbe x1vvkbs x1xmvt09 x1lliihq x1s928wv xhkezso x1gmr53x x1cpjm7i x1fgarty x1943h6x xudqn12 x3x7a5m x6prxxf xvq8zen xo1l8bm xzsf02u\" dir=\"auto\">Not\u00edcia boa tem que ser compartilhada!!! <span class=\"x3nfvp2 x1j61x8r x1fcty0u xdj266r xhhsvwb xat24cr xgzva0m xxymvpz xlup9mm x1kky2od\"><img decoding=\"async\" loading=\"lazy\" src=\"https:\/\/static.xx.fbcdn.net\/images\/emoji.php\/v9\/t8e\/1\/16\/1f5de.png\" alt=\"\ud83d\uddde\ufe0f\" width=\"16\" height=\"16\"><\/span><br><br>A licita\u00e7\u00e3o do novo reservat\u00f3rio do Jardim Priv\u00e9 foi destaque nas m\u00eddias de Goi\u00e1s! Confira!!!<\/span><\/p>\n","protected":false},"excerpt":{"rendered":"<p>Not\u00edcia boa tem que ser compartilhada!!! A licita\u00e7\u00e3o do novo reservat\u00f3rio do Jardim Priv\u00e9 foi destaque nas m\u00eddias de Goi\u00e1s! Confira!!!<\/p>\n","protected":false},"author":3,"featured_media":672,"comment_status":"open","ping_status":"open","sticky":true,"template":"","format":"standard","meta":[],"categories":[3],"tags":[],"_links":{"self":[{"href":"https:\/\/demae.go.gov.br\/noticias\/wp-json\/wp\/v2\/posts\/475"}],"collection":[{"href":"https:\/\/demae.go.gov.br\/noticias\/wp-json\/wp\/v2\/posts"}],"about":[{"href":"https:\/\/demae.go.gov.br\/noticias\/wp-json\/wp\/v2\/types\/post"}],"author":[{"embeddable":true,"href":"https:\/\/demae.go.gov.br\/noticias\/wp-json\/wp\/v2\/users\/3"}],"replies":[{"embeddable":true,"href":"https:\/\/demae.go.gov.br\/noticias\/wp-json\/wp\/v2\/comments?post=475"}],"version-history":[{"count":2,"href":"https:\/\/demae.go.gov.br\/noticias\/wp-json\/wp\/v2\/posts\/475\/revisions"}],"predecessor-version":[{"id":714,"href":"https:\/\/demae.go.gov.br\/noticias\/wp-json\/wp\/v2\/posts\/475\/revisions\/714"}],"wp:featuredmedia":[{"embeddable":true,"href":"https:\/\/demae.go.gov.br\/noticias\/wp-json\/wp\/v2\/media\/672"}],"wp:attachment":[{"href":"https:\/\/demae.go.gov.br\/noticias\/wp-json\/wp\/v2\/media?parent=475"}],"wp:term":[{"taxonomy":"category","embeddable":true,"href":"https:\/\/demae.go.gov.br\/noticias\/wp-json\/wp\/v2\/categories?post=475"},{"taxonomy":"post_tag","embeddable":true,"href":"https:\/\/demae.go.gov.br\/noticias\/wp-json\/wp\/v2\/tags?post=475"}],"curies":[{"name":"wp","href":"https:\/\/api.w.org\/{rel}","templated":true}]}}